{"id":13222,"date":"2023-04-05T08:34:38","date_gmt":"2023-04-05T08:34:38","guid":{"rendered":"http:\/\/scannn.com\/how-meta-is-preparing-for-turkiyes-2023-elections\/"},"modified":"2023-04-05T08:34:38","modified_gmt":"2023-04-05T08:34:38","slug":"how-meta-is-preparing-for-turkiyes-2023-elections","status":"publish","type":"post","link":"https:\/\/scannn.com\/lv\/how-meta-is-preparing-for-turkiyes-2023-elections\/","title":{"rendered":"How Meta is Preparing for T\u00fcrkiye\u2019s 2023 Elections"},"content":{"rendered":"<p> <br \/>\n<\/p>\n<div>\n<p><a href=\"#turkish-translation\"><em><strong>See Turkish translation.<\/strong><\/em><\/a><\/p>\n<h2>Removing Harmful Content to Keep People Safe<\/h2>\n<p><span style=\"font-weight: 400\">We want people to express themselves on our platforms and talk about the issues that matter to them while still being safe. Our <\/span><a href=\"https:\/\/www.facebook.com\/communitystandards\/\"><span style=\"font-weight: 400\">Community Standards<\/span><\/a><span style=\"font-weight: 400\"> cover a number of areas relevant to elections and explain what content is and isn\u2019t allowed on Facebook and Instagram. This includes policies on harassment, incitement and violence, as well as detailed policies around hate speech that ban attacks on people based on characteristics like ethnicity or religion. We remove content that violates these rules as soon as we find it.\u00a0\u00a0<\/span><\/p>\n<p><span style=\"font-weight: 400\">As Election Day approaches, we will activate the T\u00fcrkiye Elections Operations Center, a Meta-wide initiative that brings together experts across the company including engineering, legal, research and analysis teams to identify potential threats across our apps in real-time and respond to them quickly.\u00a0<\/span><\/p>\n<h2>Combating Misinformation and False News<\/h2>\n<p><span style=\"font-weight: 400\">In specific cases, we remove misinformation from Facebook and Instagram entirely when it could contribute to imminent violence, cause physical harm or may be content intended to suppress voting, like incorrect information about voting dates, locations, time and methods.\u00a0<\/span><\/p>\n<p><span style=\"font-weight: 400\">For all other types of misinformation, we focus on slowing the spread so fewer people see it and directing people to information from authoritative sources. To do this, we work with more than 90 independent third-party fact-checking organizations across the globe, including<\/span><a href=\"https:\/\/api.whatsapp.com\/send\/?phone=905414634766&amp;text&amp;type=phone_number&amp;app_absent=0\"><span style=\"font-weight: 400\"> Do\u011fruluk Pay\u0131<\/span><\/a><span style=\"font-weight: 400\"> &amp; <\/span><a href=\"https:\/\/api.whatsapp.com\/send\/?phone=905464745440&amp;text&amp;type=phone_number&amp;app_absent=0\"><span style=\"font-weight: 400\">Teyit <\/span><\/a><span style=\"font-weight: 400\">in<\/span> <span style=\"font-weight: 400\">T\u00fcrkiye.\u00a0<\/span><\/p>\n<p><span style=\"font-weight: 400\">When our fact-checking partners rate a piece of content as false, we significantly reduce its distribution by showing it lower in Feeds so that fewer people see it, notify people who share the content \u2014 or who have previously shared it \u2014 that the information is false, and we apply a warning label that links to the fact-checker\u2019s article disproving the claim. When content is rated \u201cfalse\u201d, \u201cpartly false\u201d, or \u201caltered\u201d\u00a0 by our fact-checking partners in T\u00fcrkiye, we attach warning labels to that content and reduce its distribution so people are less likely to see it.<\/span><\/p>\n<p><span style=\"font-weight: 400\">We\u2019ve made it easier for fact-checkers to find and rate content related to the Turkish Elections because we recognize that speed is especially important during breaking news events. We use keyword detection to group related content in one place, making it easy for fact-checkers to find.<\/span><\/p>\n<p><span style=\"font-weight: 400\">In addition on WhatsApp, if people receive a message that sounds suspicious or inaccurate, we encourage them to double-check information with fact-checking organizations <\/span><a href=\"https:\/\/api.whatsapp.com\/send\/?phone=905414634766&amp;text&amp;type=phone_number&amp;app_absent=0\"><span style=\"font-weight: 400\">Do\u011fruluk Pay\u0131 <\/span><\/a><span style=\"font-weight: 400\">or <\/span><a href=\"https:\/\/api.whatsapp.com\/send\/?phone=905464745440&amp;text&amp;type=phone_number&amp;app_absent=0\"><span style=\"font-weight: 400\">Teyit<\/span><\/a><span style=\"font-weight: 400\"> to confirm its accuracy.\u00a0<\/span><\/p>\n<p><span style=\"font-weight: 400\">We also launched our \u201cHow to Fight Misinformation\u201d campaign to help people spot false news online and take action against it. As part of this campaign, we partnered with local radio stations to run commercials about how to spot misinformation and what you can do about it.<\/span><\/p>\n<p><span style=\"font-weight: 400\">We value digital literacy education and have launched programs to improve it in T\u00fcrkiye, with an emphasis on identifying misinformation. In March and April 2023, we also partnered with academic, media and non-profit organizations \u2014 including Bilgi University, MediaWise and Habitat Association \u2014 to provide misinformation and election literacy training for adults.\u00a0<\/span><\/p>\n<h2>Addressing Virality on WhatsApp<\/h2>\n<p><span style=\"font-weight: 400\">Last year, we announced forwarding limits on WhatsApp, which ensures that any message forwarded once can only be forwarded to one group at a time. When we introduced the same feature for <\/span><a href=\"https:\/\/faq.whatsapp.com\/1053543185312573\"><span style=\"font-weight: 400\">highly forwarded messages <\/span><\/a><span style=\"font-weight: 400\">in 2020, the number of these messages sent on WhatsApp reduced by over 70%.<\/span><\/p>\n<p><span style=\"font-weight: 400\">People can also control who can add them to group chats and have options to block and report unknown contacts, giving them even more control over their privacy.<\/span><\/p>\n<h2>Making Political Advertising More Transparent<\/h2>\n<p><span style=\"font-weight: 400\">Advertisers who want to run <\/span><a href=\"https:\/\/www.facebook.com\/gpa\/blog\/turkey-preparing-for-the-2023-elections\"><span style=\"font-weight: 400\">ads<\/span><\/a><span style=\"font-weight: 400\"> related to <\/span><a href=\"https:\/\/www.facebook.com\/help\/180607332665293?helpref=faq_content\"><span style=\"font-weight: 400\">social issues, elections or politics<\/span><\/a><span style=\"font-weight: 400\"> on our apps must undergo a verification process to prove their identity and also verify their country of residence. Ads will also be labeled with a \u201cPaid for by\u201d disclaimer to show the advertiser behind them.<\/span><\/p>\n<p><span style=\"font-weight: 400\">We\u2019ve also introduced new controls so people can choose to see fewer ads. When people opt in to these controls, they\u2019ll no longer see ads labeled with the \u201cPaid for by\u201d disclaimer.<\/span><\/p>\n<p><span style=\"font-weight: 400\">All political and electoral ads are added to our <\/span><a href=\"https:\/\/www.facebook.com\/ads\/library\/?active_status=all&amp;ad_type=political_and_issue_ads&amp;country=TR&amp;media_type=all\"><span style=\"font-weight: 400\">Ads Library<\/span><\/a><span style=\"font-weight: 400\"> for seven years so that everyone can see information about targeting, which ads are currently running and how much was spent on them.<\/span><\/p>\n<h2>Fighting Election Interference<\/h2>\n<p><span style=\"font-weight: 400\">We\u2019ve built specialized teams to stop election interference focusing on coordinated inauthentic behavior (CIB) \u2014 when groups of people use sophisticated networks of Pages, Groups and accounts to try and manipulate public debate.\u00a0<\/span><\/p>\n<p><span style=\"font-weight: 400\">Since 2017, we have removed more than 200 networks globally for CIB and take action when we identify this type of activity on our platforms \u2014 especially when related to elections. We will continue to monitor, remove and publicly share details of CIB networks as we find them.\u00a0<\/span><\/p>\n<hr\/>\n<h4 id=\"turkish-translation\" style=\"text-align: left\"><b>Turkish Translation<\/b><\/h4>\n<ul>\n<li style=\"font-weight: 400\"><b>14 May\u0131s\u2019ta<\/b><span style=\"font-weight: 400\"> yap\u0131lacak genel se\u00e7imlerin g\u00fcvenli ve emniyetli bir \u015fekilde yap\u0131lmas\u0131na yard\u0131mc\u0131 olmak amac\u0131yla, uygulamalar\u0131m\u0131zda as\u0131ls\u0131z bilgilerin yay\u0131lmas\u0131n\u0131 azaltmak ve zararl\u0131 i\u00e7erikleri kald\u0131rmak i\u00e7in insan g\u00fcc\u00fcne ve teknolojiye yat\u0131r\u0131m yap\u0131yoruz.<\/span><\/li>\n<li style=\"font-weight: 400\"><span style=\"font-weight: 400\">Se\u00e7im g\u00fcn\u00fc yakla\u015f\u0131rken, potansiyel tehditleri ger\u00e7ek zamanl\u0131 olarak belirlemek ve daha h\u0131zl\u0131 m\u00fcdahale edebilmek i\u00e7in<\/span><b> Se\u00e7im Operasyon Merkezimizi<\/b><span style=\"font-weight: 400\"> etkinle\u015ftiriyoruz.<\/span><\/li>\n<li style=\"font-weight: 400\"><span style=\"font-weight: 400\">Ayn\u0131 zamanda, se\u00e7imler ve \u00e7evrimi\u00e7i as\u0131ls\u0131z bilgi konusunda e\u011fitim programlar\u0131 ba\u015flatarak T\u00fcrkiye\u2019de dijital okuryazarl\u0131\u011f\u0131 geli\u015ftirmek i\u00e7in \u00e7al\u0131\u015fmalar yap\u0131yoruz.<\/span><\/li>\n<\/ul>\n<p><b>\u0130nsanlar\u0131 G\u00fcvende Tutmak \u0130\u00e7in Zararl\u0131 \u0130\u00e7erikleri Kald\u0131rma<\/b><\/p>\n<p><span style=\"font-weight: 400\">\u0130nsanlar\u0131n uygulamalar\u0131m\u0131zda \u00f6nemsedikleri konular hakk\u0131nda a\u00e7\u0131k\u00e7a konu\u015fabilmelerini ve bunu yaparken g\u00fcvende olmalar\u0131n\u0131 istiyoruz.<\/span><a href=\"https:\/\/www.facebook.com\/communitystandards\/\"> <span style=\"font-weight: 400\">Topluluk Standartlar\u0131m\u0131z<\/span><\/a><span style=\"font-weight: 400\">, Facebook ve Instagram\u2019da hangi i\u00e7eriklere izin verilip verilmedi\u011fini herkese a\u00e7\u0131k bir \u015fekilde belirtiyor ve se\u00e7imlerle ilgili bir\u00e7ok alan\u0131 kaps\u0131yor. Bunlar aras\u0131nda taciz ve \u015fiddete te\u015fvik politikalar\u0131n\u0131n yan\u0131 s\u0131ra etnik k\u00f6ken veya din gibi konularda insanlara y\u00f6nelik sald\u0131r\u0131lar\u0131 yasaklayan ayr\u0131nt\u0131l\u0131 nefret s\u00f6ylemi politikalar\u0131 da yer al\u0131yor. Bu kurallar\u0131 ihlal eden i\u00e7erikleri tespit etti\u011fimiz anda kald\u0131r\u0131yoruz.<\/span><\/p>\n<p><span style=\"font-weight: 400\">Se\u00e7im g\u00fcn\u00fc yakla\u015ft\u0131k\u00e7a, potansiyel tehditleri ger\u00e7ek zamanl\u0131 olarak tespit etmeye ve h\u0131zl\u0131 bir \u015fekilde aksiyon almaya odaklanan T\u00fcrkiye Se\u00e7im Operasyon Merkezini etkinle\u015ftirece\u011fiz. Meta\u2019n\u0131n geni\u015f \u00e7apl\u0131 bu giri\u015fimi, \u015firketimizin farkl\u0131 departmanlar\u0131nda \u00e7al\u0131\u015fan m\u00fchendis, hukuk\u00e7u, ara\u015ft\u0131rmac\u0131 ve analiz uzmanlar\u0131n\u0131 bir araya getirecek.<\/span><\/p>\n<p><b>As\u0131ls\u0131z Bilgi ve As\u0131ls\u0131z Haberle M\u00fccadele<\/b><\/p>\n<p><span style=\"font-weight: 400\">Belirli durumlarda, olas\u0131 \u015fiddete veya fiziksel zarara katk\u0131da bulunabilecek veya oy vermeyi engellemeyi ama\u00e7layan as\u0131ls\u0131z bilgileri Facebook ve Instagram\u2019dan tamamen kald\u0131r\u0131yoruz. Buna, oy verme tarihleri, yerleri, saatleri ve y\u00f6ntemleriyle ilgili as\u0131ls\u0131z haberler de dahil.\u00a0<\/span><\/p>\n<p><span style=\"font-weight: 400\">Di\u011fer t\u00fcm as\u0131ls\u0131z bilgi t\u00fcrlerini daha az insan\u0131n g\u00f6rmesi i\u00e7in, <\/span><span style=\"font-weight: 400\">yay\u0131lmas\u0131n\u0131<\/span><span style=\"font-weight: 400\"> yava\u015flatmaya ve insanlar\u0131 yetkili kaynaklardaki bilgilere y\u00f6nlendirmeye odaklan\u0131yoruz. Bunu yapmak i\u00e7in, aralar\u0131nda T\u00fcrkiye\u2019den <\/span><a href=\"https:\/\/api.whatsapp.com\/send\/?phone=905414634766&amp;text&amp;type=phone_number&amp;app_absent=0\"><span style=\"font-weight: 400\">Do\u011fruluk Pay\u0131<\/span><\/a><span style=\"font-weight: 400\"> ve <\/span><a href=\"https:\/\/api.whatsapp.com\/send\/?phone=905464745440&amp;text&amp;type=phone_number&amp;app_absent=0\"><span style=\"font-weight: 400\">Teyit<\/span><\/a><span style=\"font-weight: 400\">\u2019in de oldu\u011fu, 90\u2019\u0131n \u00fczerinde ba\u011f\u0131ms\u0131z \u00fc\u00e7\u00fcnc\u00fc taraf haber do\u011frulama kurulu\u015fuyla \u00e7al\u0131\u015f\u0131yoruz.<\/span><\/p>\n<p><span style=\"font-weight: 400\">Birlikte \u00e7al\u0131\u015ft\u0131\u011f\u0131m\u0131z do\u011frulama kurulu\u015flar\u0131 bir i\u00e7eri\u011fi as\u0131ls\u0131z olarak s\u0131n\u0131fland\u0131rd\u0131\u011f\u0131nda, insanlar\u0131n bu i\u00e7eri\u011fi g\u00f6rme olas\u0131l\u0131\u011f\u0131n\u0131 azaltmak i\u00e7in i\u00e7eri\u011fin g\u00f6sterimini \u00f6nemli \u00f6l\u00e7\u00fcde d\u00fc\u015f\u00fcr\u00fcyoruz, i\u00e7eri\u011fi payla\u015fan veya daha \u00f6nce payla\u015fm\u0131\u015f olan ki\u015fileri uyar\u0131yoruz ve i\u00e7eri\u011fe do\u011frulama kurulu\u015funun bilginin as\u0131ls\u0131z oldu\u011funa dair haz\u0131rlad\u0131\u011f\u0131 makaleye y\u00f6nlendiren uyar\u0131 etiketleri ekliyoruz. Bir i\u00e7erik \u201cas\u0131ls\u0131z\u201d, \u201ck\u0131smen as\u0131ls\u0131z\u201d veya \u201cde\u011fi\u015ftirilmi\u015f\u201d olarak s\u0131n\u0131fland\u0131r\u0131ld\u0131\u011f\u0131nda bu i\u00e7eri\u011fe uyar\u0131 etiketleri ekliyoruz ve insanlar\u0131n bu i\u00e7eri\u011fi g\u00f6rme olas\u0131l\u0131\u011f\u0131n\u0131 azaltmak i\u00e7in i\u00e7eri\u011fin g\u00f6sterimini azalt\u0131yoruz.<\/span><\/p>\n<p><span style=\"font-weight: 400\">Do\u011frulama kurulu\u015flar\u0131n\u0131n T\u00fcrkiye\u2019deki se\u00e7imlerle ilgili i\u00e7erikleri bulmalar\u0131n\u0131 ve s\u0131n\u0131fland\u0131rmalar\u0131n\u0131 kolayla\u015ft\u0131rd\u0131k, \u00e7\u00fcnk\u00fc son dakika haberleri yaratan olaylarda \u00f6zellikle h\u0131zl\u0131 davranman\u0131n \u00f6nemli oldu\u011funun bilincindeyiz. Do\u011fruluk kurulu\u015flar\u0131n\u0131n daha kolay bulabilmesi ad\u0131na se\u00e7imlerle ilgili i\u00e7erikleri tek bir yerde toplamak i\u00e7in anahtar kelime tespiti kullan\u0131yoruz.<\/span><\/p>\n<p><span style=\"font-weight: 400\">Ayn\u0131 zamanda WhatsApp\u2019ta, insanlara \u015f\u00fcpheli veya yanl\u0131\u015f gibi g\u00f6r\u00fcnen bir mesaj geldi\u011finde, onlar\u0131 i\u00e7eri\u011fin do\u011frulu\u011funu teyit etmeleri i\u00e7in, do\u011frulama kurulu\u015flar\u0131 <\/span><a href=\"https:\/\/api.whatsapp.com\/send\/?phone=905414634766&amp;text&amp;type=phone_number&amp;app_absent=0\"><span style=\"font-weight: 400\">Do\u011fruluk Pay\u0131<\/span><\/a><span style=\"font-weight: 400\"> ve <\/span><a href=\"https:\/\/api.whatsapp.com\/send\/?phone=905464745440&amp;text&amp;type=phone_number&amp;app_absent=0\"><span style=\"font-weight: 400\">Teyit<\/span><\/a><span style=\"font-weight: 400\"> ile bu bilgileri tekrar kontrol etmeye te\u015fvik ediyoruz.\u00a0<\/span><\/p>\n<p><span style=\"font-weight: 400\">Ayr\u0131ca kullan\u0131c\u0131lar\u0131m\u0131z\u0131n \u00e7evrimi\u00e7i ortamda as\u0131ls\u0131z haberleri tespit etmelerine ve bunlara kar\u015f\u0131 harekete ge\u00e7melerine yard\u0131mc\u0131 olmak i\u00e7in \u201cAs\u0131ls\u0131z Bilgi ile Nas\u0131l M\u00fccadele Edebilirsiniz?\u201d ba\u015fl\u0131kl\u0131 kampanyay\u0131 hayata ge\u00e7irdik. Bu kampanya \u00e7er\u00e7evesinde as\u0131ls\u0131z bilgilerin nas\u0131l tespit edildi\u011fine ve bu durumda ne yap\u0131lmas\u0131 gerekti\u011fine dair bilgiler payla\u015fan reklamlar i\u00e7in yerel radyo istasyonlar\u0131yla ortakl\u0131k kurduk.<\/span><\/p>\n<p><span style=\"font-weight: 400\">Dijital okuryazarl\u0131k e\u011fitimine de\u011fer veriyoruz, bu do\u011frultuda yanl\u0131\u015f bilgileri tespit etmeye odaklanan ve T\u00fcrkiye\u2019de dijital okuryazarl\u0131\u011f\u0131 geli\u015ftirmeyi ama\u00e7layan programlar ba\u015flatt\u0131k. Mart ve Nisan 2023\u2019te, yeti\u015fkinlere yanl\u0131\u015f bilgilendirme ve se\u00e7im okuryazarl\u0131\u011f\u0131 e\u011fitimi sa\u011flamak i\u00e7in Bilgi \u00dcniversitesi, MediaWise ve Habitat Derne\u011fi dahil olmak \u00fczere akademik, medya ve kar amac\u0131 g\u00fctmeyen kurulu\u015flarla da i\u015f birli\u011fi yapt\u0131k.<\/span><\/p>\n<p><b>WhatsApp\u2019ta Viral Mesajlar<\/b><\/p>\n<p><span style=\"font-weight: 400\">Ge\u00e7en y\u0131l, bir kez iletilen herhangi bir mesaj\u0131n, bir seferde yaln\u0131zca bir gruba iletilebilece\u011fini a\u00e7\u0131klam\u0131\u015ft\u0131k. 2020\u2019de ayn\u0131 \u00f6zelli\u011fi <\/span><a href=\"https:\/\/faq.whatsapp.com\/1053543185312573\"><span style=\"font-weight: 400\">iletilme oran\u0131 y\u00fcksek olan mesajlar<\/span><\/a><span style=\"font-weight: 400\"> i\u00e7in de kullan\u0131ma sunduk ve WhatsApp\u2019ta g\u00f6nderilen bu mesajlar\u0131n say\u0131s\u0131n\u0131n y\u00fczde 70\u2019ten y\u00fcksek bir oranda azald\u0131\u011f\u0131n\u0131 g\u00f6rd\u00fck.\u00a0<\/span><\/p>\n<p><span style=\"font-weight: 400\">\u0130nsanlar ayr\u0131ca kendilerini grup sohbetlerine kimlerin ekleyebilece\u011fini kontrol edebiliyor ve bilinmeyen ki\u015fileri engelleyebiliyor veya \u015fikayet edebiliyor, b\u00f6ylece gizlilikleri \u00fczerinde daha da fazla kontrol sahibi olmalar\u0131na olanak sa\u011fl\u0131yoruz.<\/span><\/p>\n<p><b>Siyasi Reklamlar ve \u015eeffafl\u0131k\u00a0<\/b><\/p>\n<p><span style=\"font-weight: 400\">Uygulamalar\u0131m\u0131zda <\/span><a href=\"https:\/\/www.facebook.com\/help\/180607332665293?helpref=faq_content\"><span style=\"font-weight: 400\">sosyal meselelerle, se\u00e7imlerle veya siyasetle<\/span><\/a><span style=\"font-weight: 400\"> ilgili <\/span><a href=\"https:\/\/www.facebook.com\/gpa\/blog\/turkey-preparing-for-the-2023-elections\"><span style=\"font-weight: 400\">reklamlar<\/span><\/a> <span style=\"font-weight: 400\">yay\u0131nlamak isteyen reklamverenlerin, kim olduklar\u0131n\u0131 ve hangi \u00fclkede ya\u015fad\u0131klar\u0131n\u0131 kan\u0131tlamak i\u00e7in bir do\u011frulama s\u00fcrecinden ge\u00e7meleri gerekiyor. \u015eeffafl\u0131k ilkelerimize paralel olarak payla\u015f\u0131mlar\u0131n \u00fczerine reklam verenin kim oldu\u011funu g\u00f6steren etiketler ekleniyor.\u00a0<\/span><\/p>\n<p><span style=\"font-weight: 400\">Ayr\u0131ca, insanlar\u0131n daha az reklam g\u00f6rmeyi se\u00e7ebilmeleri i\u00e7in yeni kontroller de ekledik. Kullan\u0131c\u0131lar bu kontrolleri kulland\u0131\u011f\u0131nda etiketlenmi\u015f reklamlar\u0131 g\u00f6rm\u00fcyor.<\/span><\/p>\n<p><span style=\"font-weight: 400\">T\u00fcm siyasi ve se\u00e7ime dayal\u0131 reklamlar, yedi y\u0131l boyunca bulunacak \u015fekilde <\/span><a href=\"https:\/\/www.facebook.com\/ads\/library\/?active_status=all&amp;ad_type=political_and_issue_ads&amp;country=TR&amp;media_type=all\"><span style=\"font-weight: 400\">Reklam K\u00fct\u00fcphanemize ekleniyor<\/span><\/a><a href=\"https:\/\/www.facebook.com\/ads\/library\/?active_status=all&amp;ad_type=political_and_issue_ads&amp;country=DE\"><span style=\"font-weight: 400\">,<\/span><\/a> <span style=\"font-weight: 400\">b\u00f6ylece herkes\u00a0 hangi reklamlar\u0131n yay\u0131nda oldu\u011funu, hedeflemeyle ilgili bilgileri ve bunlara ne kadar harcama yap\u0131ld\u0131\u011f\u0131n\u0131 \u00f6\u011frenebiliyor.<\/span><\/p>\n<p><b>Se\u00e7im M\u00fcdahalesiyle M\u00fccadele<\/b><\/p>\n<p><span style=\"font-weight: 400\">Se\u00e7imlere m\u00fcdahaleyi engellemek i\u00e7in uzmanla\u015fm\u0131\u015f ekipler olu\u015fturduk. Bu olu\u015fturdu\u011fumuz ekipler sayesinde, sofistike a\u011flar kullanarak kamusal tart\u0131\u015fmaya m\u00fcdahale etmeye \u00e7al\u0131\u015fan baz\u0131 Sayfalar, Gruplar ve Hesaplara, yani koordineli k\u00f6t\u00fcye kullan\u0131m (CIB) konusuna odakland\u0131k.<\/span><\/p>\n<p><span style=\"font-weight: 400\">2017\u2019den bu yana, koordineli k\u00f6t\u00fcye kullan\u0131mlar (CIB) nedeniyle d\u00fcnya \u00e7ap\u0131nda 200\u2019den fazla a\u011f\u0131 kald\u0131rd\u0131k; platformlar\u0131m\u0131zda bu tarz bir faaliyet tespit etti\u011fimizde, \u00f6zellikle de se\u00e7imlerle ilgili oldu\u011fu durumlarda, aksiyon al\u0131yoruz. Tespit etti\u011fimiz CIB a\u011flar\u0131n\u0131 takip etmeye, kald\u0131rmaya ve detaylar\u0131n\u0131 herkese a\u00e7\u0131k olarak payla\u015fmaya devam edece\u011fiz.\u00a0<\/span><\/p>\n<\/p><\/div>\n<p><script async defer crossorigin=\"anonymous\" src=\"https:\/\/connect.facebook.net\/en_US\/sdk.js#xfbml=1&#038;version=v5.0\"><\/script><br \/>\n<br \/><br \/>\n<br \/><a href=\"https:\/\/about.fb.com\/news\/2023\/04\/how-meta-is-preparing-for-turkiyes-2023-elections\/\">Source link <\/a><\/p>\n","protected":false},"excerpt":{"rendered":"<p>See Turkish translation. Removing Harmful Content to Keep People Safe We want people to express themselves on our platforms and talk about the issues that matter to them while still being safe. Our Community Standards cover a number of areas relevant to elections and explain what content is and isn\u2019t allowed on Facebook and Instagram. [&hellip;]<\/p>\n","protected":false},"author":16,"featured_media":13223,"comment_status":"open","ping_status":"closed","sticky":false,"template":"","format":"standard","meta":{"footnotes":""},"categories":[123],"tags":[],"class_list":["post-13222","post","type-post","status-publish","format-standard","has-post-thumbnail","hentry","category-facebook"],"_links":{"self":[{"href":"https:\/\/scannn.com\/lv\/wp-json\/wp\/v2\/posts\/13222","targetHints":{"allow":["GET"]}}],"collection":[{"href":"https:\/\/scannn.com\/lv\/wp-json\/wp\/v2\/posts"}],"about":[{"href":"https:\/\/scannn.com\/lv\/wp-json\/wp\/v2\/types\/post"}],"author":[{"embeddable":true,"href":"https:\/\/scannn.com\/lv\/wp-json\/wp\/v2\/users\/16"}],"replies":[{"embeddable":true,"href":"https:\/\/scannn.com\/lv\/wp-json\/wp\/v2\/comments?post=13222"}],"version-history":[{"count":0,"href":"https:\/\/scannn.com\/lv\/wp-json\/wp\/v2\/posts\/13222\/revisions"}],"wp:featuredmedia":[{"embeddable":true,"href":"https:\/\/scannn.com\/lv\/wp-json\/wp\/v2\/media\/13223"}],"wp:attachment":[{"href":"https:\/\/scannn.com\/lv\/wp-json\/wp\/v2\/media?parent=13222"}],"wp:term":[{"taxonomy":"category","embeddable":true,"href":"https:\/\/scannn.com\/lv\/wp-json\/wp\/v2\/categories?post=13222"},{"taxonomy":"post_tag","embeddable":true,"href":"https:\/\/scannn.com\/lv\/wp-json\/wp\/v2\/tags?post=13222"}],"curies":[{"name":"wp","href":"https:\/\/api.w.org\/{rel}","templated":true}]}}